{"id":8996,"date":"2026-08-30T08:00:57","date_gmt":"2026-08-30T07:00:57","guid":{"rendered":"http:\/\/www.scholze-simmel.at\/heimatforschung\/?p=8996"},"modified":"2026-09-04T16:46:22","modified_gmt":"2026-09-04T15:46:22","slug":"unsere-theater-ausstellung-ist-nur-mehr-1-monat-lang-zu-sehen","status":"publish","type":"post","link":"http:\/\/www.scholze-simmel.at\/heimatforschung\/?p=8996","title":{"rendered":"Unsere &#8222;Theater-Ausstellung&#8220; ist nur mehr 22 Tage lang zu sehen!"},"content":{"rendered":"<p>Wenn Sie unsere Ausstellung &#8222;So ein Theater&#8220; &#8211; Theaterauff\u00fchrungen in Hofstetten-Gr\u00fcnau von 1919 bis 2025 &#8211; noch nicht gesehen haben <a href=\"http:\/\/www.scholze-simmel.at\/heimatforschung\/wp-content\/uploads\/FS704973-scaled.jpg\"><img loading=\"lazy\" decoding=\"async\" class=\"alignleft size-medium wp-image-8882\" src=\"http:\/\/www.scholze-simmel.at\/heimatforschung\/wp-content\/uploads\/FS704973-300x200.jpg\" alt=\"\" width=\"300\" height=\"200\" srcset=\"http:\/\/www.scholze-simmel.at\/heimatforschung\/wp-content\/uploads\/FS704973-300x200.jpg 300w, http:\/\/www.scholze-simmel.at\/heimatforschung\/wp-content\/uploads\/FS704973-1024x683.jpg 1024w, http:\/\/www.scholze-simmel.at\/heimatforschung\/wp-content\/uploads\/FS704973-768x512.jpg 768w, http:\/\/www.scholze-simmel.at\/heimatforschung\/wp-content\/uploads\/FS704973-1536x1024.jpg 1536w, http:\/\/www.scholze-simmel.at\/heimatforschung\/wp-content\/uploads\/FS704973-2048x1365.jpg 2048w, http:\/\/www.scholze-simmel.at\/heimatforschung\/wp-content\/uploads\/FS704973-750x500.jpg 750w\" sizes=\"(max-width: 300px) 100vw, 300px\" \/><\/a>&#8211; dann besuchen Sie bitte recht bald diese Ausstellung.<\/p>\n<p>Die interessante Ausstellung ist nur mehr bis Ende September zu sehen.<\/p>\n<p>&nbsp;<\/p>\n<p>&nbsp;<\/p>\n<p>Denn ab Oktober l\u00e4uft die neue Ausstellung \u00fcber Gewerbebetriebe in Hofstetten-Gr\u00fcnau. Viele Betriebe in fr\u00fcherer Zeit bis heute werden vorgestellt. Kennen Sie den Schuster Pietsch? die Schneiderin Hebbauer? den Wirt Grebner? den Fotographen Weihrauch? &#8230;<\/p>\n<p>Ab Oktober werden Sie mehr dar\u00fcber erfahren.<\/p>\n<p>PS: Zu unserer Theaterausstellung gibt es auch ein Buch, in dem sehr umfangreich alle Theaterauff\u00fchrungen seit 1919 in Wort und Bild beschrieben sind. Erh\u00e4ltlich ist das Buch zum Preis von 33,- Euro im Bahnhofsmuseum und im B\u00fcrgerb\u00fcro unserer Gemeinde im BGZ.<\/p>\n","protected":false},"excerpt":{"rendered":"<p>Wenn Sie unsere Ausstellung &#8222;So ein Theater&#8220; &#8211; Theaterauff\u00fchrungen in Hofstetten-Gr\u00fcnau von 1919 bis 2025 &#8211; noch nicht gesehen haben &#8211; dann besuchen Sie bitte recht bald diese Ausstellung. Die interessante Ausstellung ist nur mehr bis Ende September zu sehen. &nbsp; &nbsp; Denn ab Oktober l\u00e4uft die neue Ausstellung \u00fcber Gewerbebetriebe in Hofstetten-Gr\u00fcnau. Viele Betriebe &hellip; <\/p>\n<p><a class=\"more-link btn\" href=\"http:\/\/www.scholze-simmel.at\/heimatforschung\/?p=8996\">Weiterlesen<\/a><\/p>\n","protected":false},"author":2,"featured_media":0,"comment_status":"closed","ping_status":"closed","sticky":false,"template":"","format":"standard","meta":{"ngg_post_thumbnail":0,"footnotes":""},"categories":[3],"tags":[],"_links":{"self":[{"href":"http:\/\/www.scholze-simmel.at\/heimatforschung\/index.php?rest_route=\/wp\/v2\/posts\/8996"}],"collection":[{"href":"http:\/\/www.scholze-simmel.at\/heimatforschung\/index.php?rest_route=\/wp\/v2\/posts"}],"about":[{"href":"http:\/\/www.scholze-simmel.at\/heimatforschung\/index.php?rest_route=\/wp\/v2\/types\/post"}],"author":[{"embeddable":true,"href":"http:\/\/www.scholze-simmel.at\/heimatforschung\/index.php?rest_route=\/wp\/v2\/users\/2"}],"replies":[{"embeddable":true,"href":"http:\/\/www.scholze-simmel.at\/heimatforschung\/index.php?rest_route=%2Fwp%2Fv2%2Fcomments&post=8996"}],"version-history":[{"count":7,"href":"http:\/\/www.scholze-simmel.at\/heimatforschung\/index.php?rest_route=\/wp\/v2\/posts\/8996\/revisions"}],"predecessor-version":[{"id":9006,"href":"http:\/\/www.scholze-simmel.at\/heimatforschung\/index.php?rest_route=\/wp\/v2\/posts\/8996\/revisions\/9006"}],"wp:attachment":[{"href":"http:\/\/www.scholze-simmel.at\/heimatforschung\/index.php?rest_route=%2Fwp%2Fv2%2Fmedia&parent=8996"}],"wp:term":[{"taxonomy":"category","embeddable":true,"href":"http:\/\/www.scholze-simmel.at\/heimatforschung\/index.php?rest_route=%2Fwp%2Fv2%2Fcategories&post=8996"},{"taxonomy":"post_tag","embeddable":true,"href":"http:\/\/www.scholze-simmel.at\/heimatforschung\/index.php?rest_route=%2Fwp%2Fv2%2Ftags&post=8996"}],"curies":[{"name":"wp","href":"https:\/\/api.w.org\/{rel}","templated":true}]}}